{"id":48,"date":"2022-10-21T15:21:45","date_gmt":"2022-10-21T13:21:45","guid":{"rendered":"https:\/\/lugo24.pl\/blog\/?p=48"},"modified":"2022-11-17T14:30:12","modified_gmt":"2022-11-17T13:30:12","slug":"czy-niemieckie-proszki-do-prania-sa-skuteczniejsze","status":"publish","type":"post","link":"https:\/\/lugo24.pl\/blog\/czy-niemieckie-proszki-do-prania-sa-skuteczniejsze\/","title":{"rendered":"Czy niemieckie proszki do prania s\u0105 skuteczniejsze?"},"content":{"rendered":"\n<p>W latach 80-tych, kiedy zachodnia granica kojarzy\u0142a si\u0119 z dobrobytem i luksem, ka\u017cdy Polak marzy\u0142, by pracowa\u0107 nad Odr\u0105. By\u0142 to czas, kiedy w Polsce kobiety pra\u0142y w Pollenie 2000, a rynek niemiecki opanowa\u0142 <strong>proszek <a href=\"https:\/\/lugo24.pl\/szukaj?search_query=Weiser+Riese&amp;s=Weiser+Riese\" data-type=\"URL\" data-id=\"https:\/\/lugo24.pl\/szukaj?search_query=Weiser+Riese&amp;s=Weiser+Riese\" target=\"_blank\" rel=\"noreferrer noopener\">Weiser Riese<\/a><\/strong>, <strong><a href=\"https:\/\/lugo24.pl\/szukaj?search_query=Vizir&amp;s=Vizir\" data-type=\"URL\" data-id=\"https:\/\/lugo24.pl\/szukaj?search_query=Vizir&amp;s=Vizir\" target=\"_blank\" rel=\"noreferrer noopener\">Vizir<\/a><\/strong>, <strong><a href=\"https:\/\/lugo24.pl\/szukaj?search_query=Persil+&amp;s=Persil+\" data-type=\"URL\" data-id=\"https:\/\/lugo24.pl\/szukaj?search_query=Persil+&amp;s=Persil+\" target=\"_blank\" rel=\"noreferrer noopener\">Persil <\/a><\/strong>czy <strong><a href=\"https:\/\/lugo24.pl\/szukaj?search_query=OMO&amp;s=OMO\" data-type=\"URL\" data-id=\"https:\/\/lugo24.pl\/szukaj?search_query=OMO&amp;s=OMO\" target=\"_blank\" rel=\"noreferrer noopener\">OMO<\/a><\/strong>. R\u00f3\u017cnica mi\u0119dzy naszymi a zagranicznymi produktami chemicznymi by\u0142a ogromna. I zosta\u0142a do dzi\u015b.<\/p>\n\n\n\n<h2 class=\"wp-block-heading\">Dlaczego niemieckie proszki do prania ciesz\u0105 si\u0119 w Polsce tak\u0105 popularno\u015bci\u0105?<\/h2>\n\n\n\n<p>Po pierwsze, pozwalaj\u0105 nam zaoszcz\u0119dzi\u0107 czas i pieni\u0105dze. Skoncentrowana formu\u0142a sprawia, \u017ce proszek czy \u017cel wystarczy na d\u0142u\u017cej. Dobrej jako\u015bci \u015brodki pior\u0105ce, nie nale\u017c\u0105 do najta\u0144szych, dlatego im rzadziej je kupujemy, tym wi\u0119cej pieni\u0119dzy zostaje w naszym portfelu.<\/p>\n\n\n\n<h2 class=\"wp-block-heading\">&nbsp;Chemia z Niemiec to dobrze wydane pieni\u0105dze<\/h2>\n\n\n\n<p><strong><a href=\"https:\/\/lugo24.pl\/category\/10-proszki-do-prania\" data-type=\"URL\" data-id=\"https:\/\/lugo24.pl\/category\/10-proszki-do-prania\" target=\"_blank\" rel=\"noreferrer noopener\">Niemieckie proszki do prania<\/a><\/strong> posiadaj\u0105 formu\u0142\u0119, kt\u00f3ra chroni kolor i wyd\u0142u\u017ca \u017cywotno\u015b\u0107 naszych ubra\u0144. Dzi\u0119ki temu d\u0142u\u017cej b\u0119dziemy cieszy\u0107 si\u0119 ulubion\u0105 bluz\u0105 czy sweterkiem. <a>W swoim sk\u0142adzie maj\u0105 r\u00f3wnie\u017c detergenty, kt\u00f3re wyd\u0142u\u017caj\u0105 \u017cywotno\u015b\u0107 pralki, zapobiegaj\u0105c osadzaniu si\u0119 kamienia.<\/a><\/p>\n\n\n\n<p>I ten intensywny zapach!<\/p>\n\n\n\n<p><strong>Zagraniczne \u015brodki czysto\u015bci<\/strong> s\u0105 znacznie bardziej skoncentrowane. Wp\u0142ywa to bezpo\u015brednio na ich wydajno\u015b\u0107. Mniejsza ilo\u015b\u0107 produktu wystarczy do wywabienia plamy czy wyprania brudnej bielizny. Wysoka zawarto\u015b\u0107 aktywnych sk\u0142adnik\u00f3w sprawia, \u017ce s\u0105 tak\u017ce znacznie skuteczniejsze.<\/p>\n\n\n\n<p>Wszystko razem pozwala na skr\u00f3cenie czasu prania oraz usuwanie zabrudze\u0144 bez konieczno\u015bci wcze\u015bniejszego namaczania. Tym samym zmniejszamy zu\u017cycie wody i energii, co nie tylko pozwala na oszcz\u0119dno\u015bci, ale r\u00f3wnie\u017c wp\u0142ywa pozytywnie na \u015brodowisko.<\/p>\n\n\n\n<h2 class=\"wp-block-heading\">Proszki, kapsu\u0142ki i \u017cele do prania z Niemiec<\/h2>\n\n\n\n<p>Polak jest \u015bwiadomym konsumentem, o konkretnych preferencjach, wie czego chce, a przede wszystkim chce dobrze wyda\u0107 swoje pieni\u0105dze. Nie podlega dyskusji kwestia jako\u015bci i skuteczno\u015bci <strong>niemieckiej chemii<\/strong>. Potwierdzeniem tych s\u0142\u00f3w s\u0105 komentarze na forach internetowych, w kt\u00f3rych najcz\u0119\u015bciej pada stwierdzenie, \u017ce \u201eKto raz wypierze co\u015b w niemieckim \u015brodku, nie chce ju\u017c u\u017cywa\u0107 polskiego odpowiednika\u201d.<\/p>\n\n\n\n<p>Sprawd\u017acie sami, czekamy na Wasze komentarze.<\/p>\n","protected":false},"excerpt":{"rendered":"<p>W latach 80-tych, kiedy zachodnia granica kojarzy\u0142a si\u0119 z dobrobytem i luksem, ka\u017cdy Polak marzy\u0142, by pracowa\u0107 nad Odr\u0105. By\u0142 to czas, kiedy w Polsce kobiety pra\u0142y w Pollenie 2000, a rynek niemiecki opanowa\u0142 proszek Weiser Riese, Vizir, Persil czy OMO. R\u00f3\u017cnica mi\u0119dzy naszymi a zagranicznymi produktami chemicznymi by\u0142a ogromna. I zosta\u0142a do dzi\u015b. Dlaczego&hellip; <a class=\"more-link\" href=\"https:\/\/lugo24.pl\/blog\/czy-niemieckie-proszki-do-prania-sa-skuteczniejsze\/\">Czytaj dalej <span class=\"screen-reader-text\">Czy niemieckie proszki do prania s\u0105 skuteczniejsze?<\/span><\/a><\/p>\n","protected":false},"author":1,"featured_media":69,"comment_status":"open","ping_status":"open","sticky":false,"template":"","format":"standard","meta":{"footnotes":""},"categories":[],"tags":[],"class_list":["post-48","post","type-post","status-publish","format-standard","has-post-thumbnail","hentry","entry"],"_links":{"self":[{"href":"https:\/\/lugo24.pl\/blog\/wp-json\/wp\/v2\/posts\/48","targetHints":{"allow":["GET"]}}],"collection":[{"href":"https:\/\/lugo24.pl\/blog\/wp-json\/wp\/v2\/posts"}],"about":[{"href":"https:\/\/lugo24.pl\/blog\/wp-json\/wp\/v2\/types\/post"}],"author":[{"embeddable":true,"href":"https:\/\/lugo24.pl\/blog\/wp-json\/wp\/v2\/users\/1"}],"replies":[{"embeddable":true,"href":"https:\/\/lugo24.pl\/blog\/wp-json\/wp\/v2\/comments?post=48"}],"version-history":[{"count":2,"href":"https:\/\/lugo24.pl\/blog\/wp-json\/wp\/v2\/posts\/48\/revisions"}],"predecessor-version":[{"id":71,"href":"https:\/\/lugo24.pl\/blog\/wp-json\/wp\/v2\/posts\/48\/revisions\/71"}],"wp:featuredmedia":[{"embeddable":true,"href":"https:\/\/lugo24.pl\/blog\/wp-json\/wp\/v2\/media\/69"}],"wp:attachment":[{"href":"https:\/\/lugo24.pl\/blog\/wp-json\/wp\/v2\/media?parent=48"}],"wp:term":[{"taxonomy":"category","embeddable":true,"href":"https:\/\/lugo24.pl\/blog\/wp-json\/wp\/v2\/categories?post=48"},{"taxonomy":"post_tag","embeddable":true,"href":"https:\/\/lugo24.pl\/blog\/wp-json\/wp\/v2\/tags?post=48"}],"curies":[{"name":"wp","href":"https:\/\/api.w.org\/{rel}","templated":true}]}}