{"id":52,"date":"2022-11-03T15:42:47","date_gmt":"2022-11-03T14:42:47","guid":{"rendered":"https:\/\/lugo24.pl\/blog\/?p=52"},"modified":"2022-11-21T13:48:08","modified_gmt":"2022-11-21T12:48:08","slug":"kapsulki-zele-a-moze-tradycyjny-proszek-w-czym-prac","status":"publish","type":"post","link":"https:\/\/lugo24.pl\/blog\/kapsulki-zele-a-moze-tradycyjny-proszek-w-czym-prac\/","title":{"rendered":"Kapsu\u0142ki, \u017cele a mo\u017ce tradycyjny proszek? W czym pra\u0107?"},"content":{"rendered":"\n<p>Ci\u0105gle idziemy do przodu, tworzymy nowe technologie, kt\u00f3re maj\u0105 nam u\u0142atwi\u0107 \u017cycie codzienne. Szukamy nowych rozwi\u0105za\u0144, nie tylko ekonomicznych. Chcemy rozwija\u0107 si\u0119 kompleksowo. Niemiecki przemys\u0142 chemiczny nie pozostaje w tyle, dopasowuj\u0105c si\u0119 do typ\u00f3w pralek, ale r\u00f3wnie\u017c dostosowuj\u0105c jako\u015b\u0107 produkt\u00f3w do wysokich wymaga\u0144 wsp\u00f3\u0142czesnego klienta.<\/p>\n\n\n\n<h2 class=\"wp-block-heading\">Dlaczego niemieckie kapsu\u0142ki s\u0105 tak skuteczne?<\/h2>\n\n\n\n<p>Na rynku kr\u00f3luj\u0105 trzy gatunki detergent\u00f3w do prania. Zacznijmy od najnowszych rozwi\u0105za\u0144, czyli <strong>kapsu\u0142ek do prania<\/strong>: <strong><a href=\"https:\/\/lugo24.pl\/kapsulki-do-prania\/2104-p2104-vizir-gama-kapsulki-do-prania-60szt-uniwersal-8435495831259.html\" data-type=\"URL\" data-id=\"https:\/\/lugo24.pl\/kapsulki-do-prania\/2104-p2104-vizir-gama-kapsulki-do-prania-60szt-uniwersal-8435495831259.html\" target=\"_blank\" rel=\"noreferrer noopener\">Vizir<\/a><\/strong>, <strong><a href=\"https:\/\/lugo24.pl\/kapsulki-do-prania\/1951-p1951-ariel-kapsulki-do-prania-70szt-alpine-8006540044353.html\" data-type=\"URL\" data-id=\"https:\/\/lugo24.pl\/kapsulki-do-prania\/1951-p1951-ariel-kapsulki-do-prania-70szt-alpine-8006540044353.html\" target=\"_blank\" rel=\"noreferrer noopener\">Ariel<\/a> <\/strong>czy <strong>OMO<\/strong>. Jednak w testach konsumenckich prym wiod\u0105 te wyprodukowane na rynku niemieckim.<\/p>\n\n\n\n<p><strong>Kapsu\u0142ki do prania<\/strong> &#8211; technologia 3 w 1. Oznacza to, \u017ce jedna kapsu\u0142ka \u017celu do prania zawiera w sobie skoncentrowany \u015brodek pior\u0105cy, kt\u00f3ry ma za zadanie usun\u0105\u0107 uporczywe zabrudzenia. Kolejna formu\u0142a odpowiada za utrzymanie kolor\u00f3w ubra\u0144, zapobiegaj\u0105c ich szarzeniu, nawet po kilku praniach. Firma Henkel, producent <strong><a href=\"https:\/\/lugo24.pl\/kapsulki-do-prania\/2100-p2100-persil-caps-disc-4in1-54szt-uniwersal-5410091764272.html\" data-type=\"URL\" data-id=\"https:\/\/lugo24.pl\/kapsulki-do-prania\/2100-p2100-persil-caps-disc-4in1-54szt-uniwersal-5410091764272.html\" target=\"_blank\" rel=\"noreferrer noopener\">kapsu\u0142ek Persil<\/a><\/strong>, zapewnia, \u017ce pranie zachowa \u015bwie\u017cy zapach nawet do 30 dni. Posiadaj\u0105 one r\u00f3wnie\u017c technologi\u0119 deep Clean, odpowiedzialn\u0105 za usuwanie trudnych plam nawet w niskich temperaturach. <a>Najwa\u017cniejsz\u0105 zalet\u0105 jest \u0142atwo\u015b\u0107 ich u\u017cywania. Zamiast zostawia\u0107 m\u0119\u017cowi instrukcj\u0119, jakiej ilo\u015bci proszku czy \u017celu do prania ma u\u017cy\u0107, m\u00f3wi\u0119 po prostu: kochanie 1 pranie = 1 kapsu\u0142ka. <\/a>Minusem niekiedy bywa cena, jednak w naszym sklepie mo\u017cecie kupi\u0107 niemieckie kapsu\u0142ki do prania, kt\u00f3re s\u0105 gwarancj\u0105 najwy\u017cszej jako\u015bci.<\/p>\n\n\n\n<h2 class=\"wp-block-heading\">Niemiecki \u017cel do prania<\/h2>\n\n\n\n<p>W <strong>sklepach z niemieck\u0105 chemi\u0105<\/strong> znajdziesz \u017cele o r\u00f3\u017cnych pojemno\u015bciach, od 0,5 do 2,5l z zakr\u0119tk\u0105, kt\u00f3ra jednocze\u015bnie s\u0142u\u017cy jako dozownik. Wyst\u0119puj\u0105 w r\u00f3\u017cnych kategoriach i podobnie jak proszki s\u0105 dedykowane r\u00f3\u017cnym tkaninom. Znajdziemy takie, kt\u00f3re s\u0105 przeznaczone do bia\u0142ego, inne do kolor\u00f3w a dla mniej wymagaj\u0105cych, ale ceni\u0105cych sobie szybko\u015b\u0107, wygod\u0119 i superczyste pranie \u2013 polecam <strong><a href=\"https:\/\/lugo24.pl\/zele-do-prania\/500-p500-waschkonig-zel-do-prania-3305l-uniwersal-4260418930436.html\" data-type=\"URL\" data-id=\"https:\/\/lugo24.pl\/zele-do-prania\/500-p500-waschkonig-zel-do-prania-3305l-uniwersal-4260418930436.html\" target=\"_blank\" rel=\"noreferrer noopener\">uniwersalny \u017cel Weiser Riese<\/a><\/strong>. Ma skondensowan\u0105 konsystencj\u0119, przez co \u0142atwiej wnika w tkaniny, by usun\u0105\u0107 naprawd\u0119 silne zabrudzenia oraz ma ogromny wp\u0142yw na zwi\u0119kszenie jego wydajno\u015bci. Wszystkie<strong> niemieckie \u017cele do prania<\/strong> posiadaj\u0105 substancje u\u0142atwiaj\u0105ce prasowanie. Czy znajdziemy minusy? Je\u015bli zdecydujemy si\u0119 na zakup \u017celu, np. <strong><a href=\"https:\/\/lugo24.pl\/zele-do-prania\/2149-p2149-omo-zel-do-prania-5l-100-uniwersal-8720181103155.html\" data-type=\"URL\" data-id=\"https:\/\/lugo24.pl\/zele-do-prania\/2149-p2149-omo-zel-do-prania-5l-100-uniwersal-8720181103155.html\" target=\"_blank\" rel=\"noreferrer noopener\">OMO w rozmiarze XXL<\/a><\/strong>, zdecydowanie lepiej zam\u00f3wi\u0107 go przez Internet z dostaw\u0105 kuriersk\u0105 do domu, poniewa\u017c butelka nie nale\u017cy do najl\u017cejszych. \ud83d\ude0a<\/p>\n\n\n\n<h2 class=\"wp-block-heading\">Dojrza\u0142e kobiety wierz\u0105 w moc proszk\u00f3w do prania<\/h2>\n\n\n\n<p>Na polskim rynku znajdziemy wiele rodzaj\u00f3w<strong> proszk\u00f3w do prania<\/strong>. Jestem wierna przekonaniu, \u017ce je\u017celi proszek, to tylko ten z Niemiec! Cz\u0119sto nasze mamy i bacie nie wierz\u0105 ani kapsu\u0142kom, ani \u017celom i jest w tym troch\u0119 racji. Dlaczego? Niemieckie gospodynie wiedz\u0105, \u017ce tradycyjny proszek do prania, np. <strong><a rel=\"noreferrer noopener\" href=\"https:\/\/lugo24.pl\/proszki-do-prania\/1350-p1350-dash-proszek-do-prania-6kg-100-color-4012400502387.html\" data-type=\"URL\" data-id=\"https:\/\/lugo24.pl\/proszki-do-prania\/1350-p1350-dash-proszek-do-prania-6kg-100-color-4012400502387.html\" target=\"_blank\">Dash<\/a><\/strong>, zawiera w swoim sk\u0142adzie aktywne wybielacze, kt\u00f3re maj\u0105 du\u017ce znaczenie podczas prania bia\u0142ych tkanin. Dla mnie minusem stosowania proszku s\u0105 niekiedy bia\u0142e \u015blady, \u015bwiadcz\u0105ce o zbyt niskiej temperaturze prania, w kt\u00f3rej proszek mo\u017ce si\u0119 nie rozpu\u015bci\u0107. Ale \u017ceby pranie pachnia\u0142o jak konwalie w babcinym ogr\u00f3dku, mo\u017cesz u\u017cy\u0107 <strong><a href=\"https:\/\/lugo24.pl\/szukaj?search_query=Kuschelweich&amp;s=Kuschelweich\" data-type=\"URL\" data-id=\"https:\/\/lugo24.pl\/szukaj?search_query=Kuschelweich&amp;s=Kuschelweich\" target=\"_blank\" rel=\"noreferrer noopener\">p\u0142ynu do p\u0142ukania Kuschelweich<\/a><\/strong>, kt\u00f3ry doskonale uzupe\u0142ni dzia\u0142anie proszku.<\/p>\n\n\n\n<p>A Wy drodzy czytelnicy? Czego u\u017cywacie? Proszku, \u017celu czy kapsu\u0142ek?<\/p>\n","protected":false},"excerpt":{"rendered":"<p>Ci\u0105gle idziemy do przodu, tworzymy nowe technologie, kt\u00f3re maj\u0105 nam u\u0142atwi\u0107 \u017cycie codzienne. Szukamy nowych rozwi\u0105za\u0144, nie tylko ekonomicznych. Chcemy rozwija\u0107 si\u0119 kompleksowo. Niemiecki przemys\u0142 chemiczny nie pozostaje w tyle, dopasowuj\u0105c si\u0119 do typ\u00f3w pralek, ale r\u00f3wnie\u017c dostosowuj\u0105c jako\u015b\u0107 produkt\u00f3w do wysokich wymaga\u0144 wsp\u00f3\u0142czesnego klienta. Dlaczego niemieckie kapsu\u0142ki s\u0105 tak skuteczne? Na rynku kr\u00f3luj\u0105 trzy&hellip; <a class=\"more-link\" href=\"https:\/\/lugo24.pl\/blog\/kapsulki-zele-a-moze-tradycyjny-proszek-w-czym-prac\/\">Czytaj dalej <span class=\"screen-reader-text\">Kapsu\u0142ki, \u017cele a mo\u017ce tradycyjny proszek? W czym pra\u0107?<\/span><\/a><\/p>\n","protected":false},"author":1,"featured_media":67,"comment_status":"open","ping_status":"open","sticky":false,"template":"","format":"standard","meta":{"footnotes":""},"categories":[],"tags":[],"class_list":["post-52","post","type-post","status-publish","format-standard","has-post-thumbnail","hentry","entry"],"_links":{"self":[{"href":"https:\/\/lugo24.pl\/blog\/wp-json\/wp\/v2\/posts\/52","targetHints":{"allow":["GET"]}}],"collection":[{"href":"https:\/\/lugo24.pl\/blog\/wp-json\/wp\/v2\/posts"}],"about":[{"href":"https:\/\/lugo24.pl\/blog\/wp-json\/wp\/v2\/types\/post"}],"author":[{"embeddable":true,"href":"https:\/\/lugo24.pl\/blog\/wp-json\/wp\/v2\/users\/1"}],"replies":[{"embeddable":true,"href":"https:\/\/lugo24.pl\/blog\/wp-json\/wp\/v2\/comments?post=52"}],"version-history":[{"count":3,"href":"https:\/\/lugo24.pl\/blog\/wp-json\/wp\/v2\/posts\/52\/revisions"}],"predecessor-version":[{"id":74,"href":"https:\/\/lugo24.pl\/blog\/wp-json\/wp\/v2\/posts\/52\/revisions\/74"}],"wp:featuredmedia":[{"embeddable":true,"href":"https:\/\/lugo24.pl\/blog\/wp-json\/wp\/v2\/media\/67"}],"wp:attachment":[{"href":"https:\/\/lugo24.pl\/blog\/wp-json\/wp\/v2\/media?parent=52"}],"wp:term":[{"taxonomy":"category","embeddable":true,"href":"https:\/\/lugo24.pl\/blog\/wp-json\/wp\/v2\/categories?post=52"},{"taxonomy":"post_tag","embeddable":true,"href":"https:\/\/lugo24.pl\/blog\/wp-json\/wp\/v2\/tags?post=52"}],"curies":[{"name":"wp","href":"https:\/\/api.w.org\/{rel}","templated":true}]}}